{"id":6392,"date":"2025-09-03T20:38:05","date_gmt":"2025-09-03T19:38:05","guid":{"rendered":"https:\/\/fedecazabizkaia.org\/?p=6392"},"modified":"2025-09-04T21:45:06","modified_gmt":"2025-09-04T20:45:06","slug":"en-memoria-de-inaki-astuy-fallecido-el-pasado-1-de-setiembre","status":"publish","type":"post","link":"https:\/\/fedecazabizkaia.org\/eu\/en-memoria-de-inaki-astuy-fallecido-el-pasado-1-de-setiembre\/","title":{"rendered":"I\u00d1AKI ASTUYREN OROIMENEZ. IRAILAREN 1ean ZENDU ZEN"},"content":{"rendered":"<p>Irailaren 1ean zendu zen I\u00f1aki Astuy Etxebarria jauna, Bermeoko Kirol Elkarteko presidentea.<br \/>\nEhiztaria, abertzalea eta balio handiko pertsona izan zen; urte luzez lan handia egin zuen Bizkaiko ehiza eta bere jaioterriko (Bermeo) alde.<\/p>\n<p><strong>Hileta Bermeoko San Frantzisko elizan egingo da, irailaren 5ean, arratsaldeko 19:00etan.<\/strong><\/p>\n<p><strong>GOIAN BEGO<\/strong><\/p>","protected":false},"excerpt":{"rendered":"<p>Irailaren 1ean zendu zen I\u00f1aki Astuy Etxebarria jauna, Bermeoko Kirol Elkarteko presidentea. Ehiztaria, abertzalea eta balio handiko pertsona izan zen; urte luzez lan handia egin zuen Bizkaiko ehiza eta bere jaioterriko (Bermeo) alde. Hileta Bermeoko San Frantzisko elizan egingo da, irailaren 5ean, arratsaldeko 19:00etan. GOIAN BEGO<\/p>\n","protected":false},"author":1,"featured_media":6393,"comment_status":"closed","ping_status":"closed","sticky":false,"template":"","format":"standard","meta":{"footnotes":""},"categories":[89],"tags":[],"class_list":["post-6392","post","type-post","status-publish","format-standard","has-post-thumbnail","hentry","category-actualidad"],"yoast_head":"<!-- This site is optimized with the Yoast SEO plugin v23.4 - https:\/\/yoast.com\/wordpress\/plugins\/seo\/ -->\n<title>I\u00d1AKI ASTUYREN OROIMENEZ. IRAILAREN 1ean ZENDU ZEN - FEDERACI\u00d3N BIZKAINA DE CAZA<\/title>\n<meta name=\"robots\" content=\"index, follow, max-snippet:-1, max-image-preview:large, max-video-preview:-1\" \/>\n<link rel=\"canonical\" href=\"https:\/\/fedecazabizkaia.org\/en-memoria-de-inaki-astuy-fallecido-el-pasado-1-de-setiembre\/\" \/>\n<meta property=\"og:locale\" content=\"en_US\" \/>\n<meta property=\"og:type\" content=\"article\" \/>\n<meta property=\"og:title\" content=\"[:es]EN MEMORIA DE I\u00d1AKI ASTUY. FALLECIDO EL PASADO 1 DE SETIEMBRE[:eu]I\u00d1AKI ASTUYREN OROIMENEZ. IRAILAREN 1ean ZENDU ZEN[:] - FEDERACI\u00d3N BIZKAINA DE CAZA\" \/>\n<meta property=\"og:description\" content=\"Irailaren 1ean zendu zen I\u00f1aki Astuy Etxebarria jauna, Bermeoko Kirol Elkarteko presidentea. Ehiztaria, abertzalea eta balio handiko pertsona izan zen; urte luzez lan handia egin zuen Bizkaiko ehiza eta bere jaioterriko (Bermeo) alde. Hileta Bermeoko San Frantzisko elizan egingo da, irailaren 5ean, arratsaldeko 19:00etan. GOIAN BEGO\" \/>\n<meta property=\"og:url\" content=\"https:\/\/fedecazabizkaia.org\/en-memoria-de-inaki-astuy-fallecido-el-pasado-1-de-setiembre\/\" \/>\n<meta property=\"og:site_name\" content=\"FEDERACI\u00d3N BIZKAINA DE CAZA\" \/>\n<meta property=\"article:publisher\" content=\"https:\/\/www.facebook.com\/FederacionBizkainaDeCaza\/\" \/>\n<meta property=\"article:published_time\" content=\"2025-09-03T19:38:05+00:00\" \/>\n<meta property=\"article:modified_time\" content=\"2025-09-04T20:45:06+00:00\" \/>\n<meta property=\"og:image\" content=\"https:\/\/fedecazabizkaia.org\/wp-content\/uploads\/2025\/09\/IMG-20250901-WA0008.jpg\" \/>\n\t<meta property=\"og:image:width\" content=\"564\" \/>\n\t<meta property=\"og:image:height\" content=\"778\" \/>\n\t<meta property=\"og:image:type\" content=\"image\/jpeg\" \/>\n<meta name=\"author\" content=\"jmiguel_7439n683\" \/>\n<meta name=\"twitter:card\" content=\"summary_large_image\" \/>\n<meta name=\"twitter:label1\" content=\"Written by\" \/>\n\t<meta name=\"twitter:data1\" content=\"jmiguel_7439n683\" \/>\n\t<meta name=\"twitter:label2\" content=\"Est. reading time\" \/>\n\t<meta name=\"twitter:data2\" content=\"1 minutua\" \/>\n<script type=\"application\/ld+json\" class=\"yoast-schema-graph\">{\"@context\":\"https:\/\/schema.org\",\"@graph\":[{\"@type\":\"WebPage\",\"@id\":\"https:\/\/fedecazabizkaia.org\/en-memoria-de-inaki-astuy-fallecido-el-pasado-1-de-setiembre\/\",\"url\":\"https:\/\/fedecazabizkaia.org\/en-memoria-de-inaki-astuy-fallecido-el-pasado-1-de-setiembre\/\",\"name\":\"[:es]EN MEMORIA DE I\u00d1AKI ASTUY. FALLECIDO EL PASADO 1 DE SETIEMBRE[:eu]I\u00d1AKI ASTUYREN OROIMENEZ. IRAILAREN 1ean ZENDU ZEN[:] - FEDERACI\u00d3N BIZKAINA DE CAZA\",\"isPartOf\":{\"@id\":\"https:\/\/fedecazabizkaia.org\/#website\"},\"primaryImageOfPage\":{\"@id\":\"https:\/\/fedecazabizkaia.org\/en-memoria-de-inaki-astuy-fallecido-el-pasado-1-de-setiembre\/#primaryimage\"},\"image\":{\"@id\":\"https:\/\/fedecazabizkaia.org\/en-memoria-de-inaki-astuy-fallecido-el-pasado-1-de-setiembre\/#primaryimage\"},\"thumbnailUrl\":\"https:\/\/fedecazabizkaia.org\/wp-content\/uploads\/2025\/09\/IMG-20250901-WA0008.jpg\",\"datePublished\":\"2025-09-03T19:38:05+00:00\",\"dateModified\":\"2025-09-04T20:45:06+00:00\",\"author\":{\"@id\":\"https:\/\/fedecazabizkaia.org\/#\/schema\/person\/719a87dfb1e3423482a4ee73c1433dba\"},\"breadcrumb\":{\"@id\":\"https:\/\/fedecazabizkaia.org\/en-memoria-de-inaki-astuy-fallecido-el-pasado-1-de-setiembre\/#breadcrumb\"},\"inLanguage\":\"eu\",\"potentialAction\":[{\"@type\":\"ReadAction\",\"target\":[\"https:\/\/fedecazabizkaia.org\/en-memoria-de-inaki-astuy-fallecido-el-pasado-1-de-setiembre\/\"]}]},{\"@type\":\"ImageObject\",\"inLanguage\":\"eu\",\"@id\":\"https:\/\/fedecazabizkaia.org\/en-memoria-de-inaki-astuy-fallecido-el-pasado-1-de-setiembre\/#primaryimage\",\"url\":\"https:\/\/fedecazabizkaia.org\/wp-content\/uploads\/2025\/09\/IMG-20250901-WA0008.jpg\",\"contentUrl\":\"https:\/\/fedecazabizkaia.org\/wp-content\/uploads\/2025\/09\/IMG-20250901-WA0008.jpg\",\"width\":564,\"height\":778},{\"@type\":\"BreadcrumbList\",\"@id\":\"https:\/\/fedecazabizkaia.org\/en-memoria-de-inaki-astuy-fallecido-el-pasado-1-de-setiembre\/#breadcrumb\",\"itemListElement\":[{\"@type\":\"ListItem\",\"position\":1,\"name\":\"Portada\",\"item\":\"https:\/\/fedecazabizkaia.org\/\"},{\"@type\":\"ListItem\",\"position\":2,\"name\":\"EN MEMORIA DE I\u00d1AKI ASTUY. FALLECIDO EL PASADO 1 DE SETIEMBRE\"}]},{\"@type\":\"WebSite\",\"@id\":\"https:\/\/fedecazabizkaia.org\/#website\",\"url\":\"https:\/\/fedecazabizkaia.org\/\",\"name\":\"FEDERACI\u00d3N BIZKAINA DE CAZA\",\"description\":\"Lurralde Ehizako Federazioa\",\"potentialAction\":[{\"@type\":\"SearchAction\",\"target\":{\"@type\":\"EntryPoint\",\"urlTemplate\":\"https:\/\/fedecazabizkaia.org\/?s={search_term_string}\"},\"query-input\":{\"@type\":\"PropertyValueSpecification\",\"valueRequired\":true,\"valueName\":\"search_term_string\"}}],\"inLanguage\":\"eu\"},{\"@type\":\"Person\",\"@id\":\"https:\/\/fedecazabizkaia.org\/#\/schema\/person\/719a87dfb1e3423482a4ee73c1433dba\",\"name\":\"jmiguel_7439n683\",\"image\":{\"@type\":\"ImageObject\",\"inLanguage\":\"eu\",\"@id\":\"https:\/\/fedecazabizkaia.org\/#\/schema\/person\/image\/\",\"url\":\"https:\/\/secure.gravatar.com\/avatar\/e753aa3ec1fb5e137a6a6a0477cb4b33?s=96&d=mm&r=g\",\"contentUrl\":\"https:\/\/secure.gravatar.com\/avatar\/e753aa3ec1fb5e137a6a6a0477cb4b33?s=96&d=mm&r=g\",\"caption\":\"jmiguel_7439n683\"},\"url\":\"https:\/\/fedecazabizkaia.org\/eu\/author\/jmiguel_7439n683\/\"}]}<\/script>\n<!-- \/ Yoast SEO plugin. -->","yoast_head_json":{"title":"[:es]EN MEMORIA DE I\u00d1AKI ASTUY. FALLECIDO EL PASADO 1 DE SETIEMBRE[:eu]I\u00d1AKI ASTUYREN OROIMENEZ. IRAILAREN 1ean ZENDU ZEN[:] - FEDERACI\u00d3N BIZKAINA DE CAZA","robots":{"index":"index","follow":"follow","max-snippet":"max-snippet:-1","max-image-preview":"max-image-preview:large","max-video-preview":"max-video-preview:-1"},"canonical":"https:\/\/fedecazabizkaia.org\/en-memoria-de-inaki-astuy-fallecido-el-pasado-1-de-setiembre\/","og_locale":"en_US","og_type":"article","og_title":"[:es]EN MEMORIA DE I\u00d1AKI ASTUY. FALLECIDO EL PASADO 1 DE SETIEMBRE[:eu]I\u00d1AKI ASTUYREN OROIMENEZ. IRAILAREN 1ean ZENDU ZEN[:] - FEDERACI\u00d3N BIZKAINA DE CAZA","og_description":"Irailaren 1ean zendu zen I\u00f1aki Astuy Etxebarria jauna, Bermeoko Kirol Elkarteko presidentea. Ehiztaria, abertzalea eta balio handiko pertsona izan zen; urte luzez lan handia egin zuen Bizkaiko ehiza eta bere jaioterriko (Bermeo) alde. Hileta Bermeoko San Frantzisko elizan egingo da, irailaren 5ean, arratsaldeko 19:00etan. GOIAN BEGO","og_url":"https:\/\/fedecazabizkaia.org\/en-memoria-de-inaki-astuy-fallecido-el-pasado-1-de-setiembre\/","og_site_name":"FEDERACI\u00d3N BIZKAINA DE CAZA","article_publisher":"https:\/\/www.facebook.com\/FederacionBizkainaDeCaza\/","article_published_time":"2025-09-03T19:38:05+00:00","article_modified_time":"2025-09-04T20:45:06+00:00","og_image":[{"width":564,"height":778,"url":"https:\/\/fedecazabizkaia.org\/wp-content\/uploads\/2025\/09\/IMG-20250901-WA0008.jpg","type":"image\/jpeg"}],"author":"jmiguel_7439n683","twitter_card":"summary_large_image","twitter_misc":{"Written by":"jmiguel_7439n683","Est. reading time":"1 minutua"},"schema":{"@context":"https:\/\/schema.org","@graph":[{"@type":"WebPage","@id":"https:\/\/fedecazabizkaia.org\/en-memoria-de-inaki-astuy-fallecido-el-pasado-1-de-setiembre\/","url":"https:\/\/fedecazabizkaia.org\/en-memoria-de-inaki-astuy-fallecido-el-pasado-1-de-setiembre\/","name":"[:es]EN MEMORIA DE I\u00d1AKI ASTUY. FALLECIDO EL PASADO 1 DE SETIEMBRE[:eu]I\u00d1AKI ASTUYREN OROIMENEZ. IRAILAREN 1ean ZENDU ZEN[:] - FEDERACI\u00d3N BIZKAINA DE CAZA","isPartOf":{"@id":"https:\/\/fedecazabizkaia.org\/#website"},"primaryImageOfPage":{"@id":"https:\/\/fedecazabizkaia.org\/en-memoria-de-inaki-astuy-fallecido-el-pasado-1-de-setiembre\/#primaryimage"},"image":{"@id":"https:\/\/fedecazabizkaia.org\/en-memoria-de-inaki-astuy-fallecido-el-pasado-1-de-setiembre\/#primaryimage"},"thumbnailUrl":"https:\/\/fedecazabizkaia.org\/wp-content\/uploads\/2025\/09\/IMG-20250901-WA0008.jpg","datePublished":"2025-09-03T19:38:05+00:00","dateModified":"2025-09-04T20:45:06+00:00","author":{"@id":"https:\/\/fedecazabizkaia.org\/#\/schema\/person\/719a87dfb1e3423482a4ee73c1433dba"},"breadcrumb":{"@id":"https:\/\/fedecazabizkaia.org\/en-memoria-de-inaki-astuy-fallecido-el-pasado-1-de-setiembre\/#breadcrumb"},"inLanguage":"eu","potentialAction":[{"@type":"ReadAction","target":["https:\/\/fedecazabizkaia.org\/en-memoria-de-inaki-astuy-fallecido-el-pasado-1-de-setiembre\/"]}]},{"@type":"ImageObject","inLanguage":"eu","@id":"https:\/\/fedecazabizkaia.org\/en-memoria-de-inaki-astuy-fallecido-el-pasado-1-de-setiembre\/#primaryimage","url":"https:\/\/fedecazabizkaia.org\/wp-content\/uploads\/2025\/09\/IMG-20250901-WA0008.jpg","contentUrl":"https:\/\/fedecazabizkaia.org\/wp-content\/uploads\/2025\/09\/IMG-20250901-WA0008.jpg","width":564,"height":778},{"@type":"BreadcrumbList","@id":"https:\/\/fedecazabizkaia.org\/en-memoria-de-inaki-astuy-fallecido-el-pasado-1-de-setiembre\/#breadcrumb","itemListElement":[{"@type":"ListItem","position":1,"name":"Portada","item":"https:\/\/fedecazabizkaia.org\/"},{"@type":"ListItem","position":2,"name":"EN MEMORIA DE I\u00d1AKI ASTUY. FALLECIDO EL PASADO 1 DE SETIEMBRE"}]},{"@type":"WebSite","@id":"https:\/\/fedecazabizkaia.org\/#website","url":"https:\/\/fedecazabizkaia.org\/","name":"FEDERACI\u00d3N BIZKAINA DE CAZA","description":"Lurralde Ehizako Federazioa","potentialAction":[{"@type":"SearchAction","target":{"@type":"EntryPoint","urlTemplate":"https:\/\/fedecazabizkaia.org\/?s={search_term_string}"},"query-input":{"@type":"PropertyValueSpecification","valueRequired":true,"valueName":"search_term_string"}}],"inLanguage":"eu"},{"@type":"Person","@id":"https:\/\/fedecazabizkaia.org\/#\/schema\/person\/719a87dfb1e3423482a4ee73c1433dba","name":"jmiguel_7439n683","image":{"@type":"ImageObject","inLanguage":"eu","@id":"https:\/\/fedecazabizkaia.org\/#\/schema\/person\/image\/","url":"https:\/\/secure.gravatar.com\/avatar\/e753aa3ec1fb5e137a6a6a0477cb4b33?s=96&d=mm&r=g","contentUrl":"https:\/\/secure.gravatar.com\/avatar\/e753aa3ec1fb5e137a6a6a0477cb4b33?s=96&d=mm&r=g","caption":"jmiguel_7439n683"},"url":"https:\/\/fedecazabizkaia.org\/eu\/author\/jmiguel_7439n683\/"}]}},"_links":{"self":[{"href":"https:\/\/fedecazabizkaia.org\/eu\/wp-json\/wp\/v2\/posts\/6392"}],"collection":[{"href":"https:\/\/fedecazabizkaia.org\/eu\/wp-json\/wp\/v2\/posts"}],"about":[{"href":"https:\/\/fedecazabizkaia.org\/eu\/wp-json\/wp\/v2\/types\/post"}],"author":[{"embeddable":true,"href":"https:\/\/fedecazabizkaia.org\/eu\/wp-json\/wp\/v2\/users\/1"}],"replies":[{"embeddable":true,"href":"https:\/\/fedecazabizkaia.org\/eu\/wp-json\/wp\/v2\/comments?post=6392"}],"version-history":[{"count":2,"href":"https:\/\/fedecazabizkaia.org\/eu\/wp-json\/wp\/v2\/posts\/6392\/revisions"}],"predecessor-version":[{"id":6398,"href":"https:\/\/fedecazabizkaia.org\/eu\/wp-json\/wp\/v2\/posts\/6392\/revisions\/6398"}],"wp:featuredmedia":[{"embeddable":true,"href":"https:\/\/fedecazabizkaia.org\/eu\/wp-json\/wp\/v2\/media\/6393"}],"wp:attachment":[{"href":"https:\/\/fedecazabizkaia.org\/eu\/wp-json\/wp\/v2\/media?parent=6392"}],"wp:term":[{"taxonomy":"category","embeddable":true,"href":"https:\/\/fedecazabizkaia.org\/eu\/wp-json\/wp\/v2\/categories?post=6392"},{"taxonomy":"post_tag","embeddable":true,"href":"https:\/\/fedecazabizkaia.org\/eu\/wp-json\/wp\/v2\/tags?post=6392"}],"curies":[{"name":"wp","href":"https:\/\/api.w.org\/{rel}","templated":true}]}}