{"id":3848,"date":"2019-07-25T11:48:57","date_gmt":"2019-07-25T11:48:57","guid":{"rendered":"https:\/\/fedecazabizkaia.org\/?p=3848"},"modified":"2019-08-09T13:51:40","modified_gmt":"2019-08-09T13:51:40","slug":"inaki-ortiz-honorato-subcampeon-del-mundo-por-equipos-en-inglaterra","status":"publish","type":"post","link":"https:\/\/fedecazabizkaia.org\/eu\/inaki-ortiz-honorato-subcampeon-del-mundo-por-equipos-en-inglaterra\/","title":{"rendered":"I\u00d1AKI ORTIZ HONORATO INGALATERRAKO TALDEEN MUNDUKO TXAPELDUNORDEA"},"content":{"rendered":"<p>I\u00d1AKI ORTIZ HONORATO INGALATERRAKO TALDEEN MUNDUKO TXAPELDUNORDEA<\/p>\n<p>Ehiza Ibilbide eta Compak Sportinen eremuak egon ez arren. Bizkaiko jaurtitzaileek gure lurraldearentzako nazio eta nazioarteko arrakastak biltzen jarraitzen dituzte.<\/p>\n<p>I\u00f1aki Ortiz Honorato Bizkaitarrak , taldeeko 2. Postua lortu zuen. Uztailaren 13 an , 10 egunetan zehar Erresuma batuan , E. J Churchillen ospatu zen Ehiza Ibilbide Txapelketa.<\/p>\n<p>Taldeak zilarraren domina lortu zuen , Diego Martinez Eguizabal , Jose M. Rodriguez Andujar , Gonzalo Garcia Barro eta I\u00f1aki ortiz Honoratok txapeldunordek eratuta.<\/p>\n<p>Bizkaiko Ehiza Federaziotik I\u00f1akiri zoriontzen diogu lortutako arrakasta berri honetagatik. Eta berriro ere salatzen dugu ehiza ibilbide eta compak kiroletako tiratzaileek bizi duten egoerak , bere lurraldean entrenatzeko azpiegiturarik ez dutela.<\/p>\n<p>Euskal administrazioek modalitate hauek barneratzen dituzten tiraketa guneak eraikitzen lagundu behar dute. Orain harte federazio honek eskaera egin dituen bezala, administazioak beste alde batera begiratuz.<br \/>\n<\/p>","protected":false},"excerpt":{"rendered":"<p>I\u00d1AKI ORTIZ HONORATO INGALATERRAKO TALDEEN MUNDUKO TXAPELDUNORDEA Ehiza Ibilbide eta Compak Sportinen eremuak egon ez arren. Bizkaiko jaurtitzaileek gure lurraldearentzako nazio eta nazioarteko arrakastak biltzen jarraitzen dituzte. I\u00f1aki Ortiz Honorato Bizkaitarrak , taldeeko 2. Postua lortu zuen. Uztailaren 13 an , 10 egunetan zehar Erresuma batuan , E. J Churchillen ospatu zen Ehiza Ibilbide Txapelketa. [&hellip;]<\/p>\n","protected":false},"author":1,"featured_media":3849,"comment_status":"closed","ping_status":"closed","sticky":false,"template":"","format":"standard","meta":{"footnotes":""},"categories":[82],"tags":[],"class_list":["post-3848","post","type-post","status-publish","format-standard","has-post-thumbnail","hentry","category-competicion"],"yoast_head":"<!-- This site is optimized with the Yoast SEO plugin v23.4 - https:\/\/yoast.com\/wordpress\/plugins\/seo\/ -->\n<title>I\u00d1AKI ORTIZ HONORATO INGALATERRAKO TALDEEN MUNDUKO TXAPELDUNORDEA - FEDERACI\u00d3N BIZKAINA DE CAZA<\/title>\n<meta name=\"robots\" content=\"index, follow, max-snippet:-1, max-image-preview:large, max-video-preview:-1\" \/>\n<link rel=\"canonical\" href=\"https:\/\/fedecazabizkaia.org\/inaki-ortiz-honorato-subcampeon-del-mundo-por-equipos-en-inglaterra\/\" \/>\n<meta property=\"og:locale\" content=\"en_US\" \/>\n<meta property=\"og:type\" content=\"article\" \/>\n<meta property=\"og:title\" content=\"[:es]I\u00d1AKI ORTIZ HONORATO SUBCAMPE\u00d3N DEL MUNDO POR EQUIPOS EN INGLATERRA[:eu]I\u00d1AKI ORTIZ HONORATO INGALATERRAKO TALDEEN MUNDUKO TXAPELDUNORDEA[:] - FEDERACI\u00d3N BIZKAINA DE CAZA\" \/>\n<meta property=\"og:description\" content=\"I\u00d1AKI ORTIZ HONORATO INGALATERRAKO TALDEEN MUNDUKO TXAPELDUNORDEA Ehiza Ibilbide eta Compak Sportinen eremuak egon ez arren. Bizkaiko jaurtitzaileek gure lurraldearentzako nazio eta nazioarteko arrakastak biltzen jarraitzen dituzte. I\u00f1aki Ortiz Honorato Bizkaitarrak , taldeeko 2. Postua lortu zuen. Uztailaren 13 an , 10 egunetan zehar Erresuma batuan , E. J Churchillen ospatu zen Ehiza Ibilbide Txapelketa. [&hellip;]\" \/>\n<meta property=\"og:url\" content=\"https:\/\/fedecazabizkaia.org\/inaki-ortiz-honorato-subcampeon-del-mundo-por-equipos-en-inglaterra\/\" \/>\n<meta property=\"og:site_name\" content=\"FEDERACI\u00d3N BIZKAINA DE CAZA\" \/>\n<meta property=\"article:publisher\" content=\"https:\/\/www.facebook.com\/FederacionBizkainaDeCaza\/\" \/>\n<meta property=\"article:published_time\" content=\"2019-07-25T11:48:57+00:00\" \/>\n<meta property=\"article:modified_time\" content=\"2019-08-09T13:51:40+00:00\" \/>\n<meta property=\"og:image\" content=\"https:\/\/fedecazabizkaia.org\/wp-content\/uploads\/2019\/07\/campeonato-del-mundo-RRCC-equipo-Hombre.jpg\" \/>\n\t<meta property=\"og:image:width\" content=\"800\" \/>\n\t<meta property=\"og:image:height\" content=\"450\" \/>\n\t<meta property=\"og:image:type\" content=\"image\/jpeg\" \/>\n<meta name=\"author\" content=\"jmiguel_7439n683\" \/>\n<meta name=\"twitter:card\" content=\"summary_large_image\" \/>\n<meta name=\"twitter:label1\" content=\"Written by\" \/>\n\t<meta name=\"twitter:data1\" content=\"jmiguel_7439n683\" \/>\n\t<meta name=\"twitter:label2\" content=\"Est. reading time\" \/>\n\t<meta name=\"twitter:data2\" content=\"2 minutua\" \/>\n<script type=\"application\/ld+json\" class=\"yoast-schema-graph\">{\"@context\":\"https:\/\/schema.org\",\"@graph\":[{\"@type\":\"WebPage\",\"@id\":\"https:\/\/fedecazabizkaia.org\/inaki-ortiz-honorato-subcampeon-del-mundo-por-equipos-en-inglaterra\/\",\"url\":\"https:\/\/fedecazabizkaia.org\/inaki-ortiz-honorato-subcampeon-del-mundo-por-equipos-en-inglaterra\/\",\"name\":\"[:es]I\u00d1AKI ORTIZ HONORATO SUBCAMPE\u00d3N DEL MUNDO POR EQUIPOS EN INGLATERRA[:eu]I\u00d1AKI ORTIZ HONORATO INGALATERRAKO TALDEEN MUNDUKO TXAPELDUNORDEA[:] - FEDERACI\u00d3N BIZKAINA DE CAZA\",\"isPartOf\":{\"@id\":\"https:\/\/fedecazabizkaia.org\/#website\"},\"primaryImageOfPage\":{\"@id\":\"https:\/\/fedecazabizkaia.org\/inaki-ortiz-honorato-subcampeon-del-mundo-por-equipos-en-inglaterra\/#primaryimage\"},\"image\":{\"@id\":\"https:\/\/fedecazabizkaia.org\/inaki-ortiz-honorato-subcampeon-del-mundo-por-equipos-en-inglaterra\/#primaryimage\"},\"thumbnailUrl\":\"https:\/\/fedecazabizkaia.org\/wp-content\/uploads\/2019\/07\/campeonato-del-mundo-RRCC-equipo-Hombre.jpg\",\"datePublished\":\"2019-07-25T11:48:57+00:00\",\"dateModified\":\"2019-08-09T13:51:40+00:00\",\"author\":{\"@id\":\"https:\/\/fedecazabizkaia.org\/#\/schema\/person\/719a87dfb1e3423482a4ee73c1433dba\"},\"breadcrumb\":{\"@id\":\"https:\/\/fedecazabizkaia.org\/inaki-ortiz-honorato-subcampeon-del-mundo-por-equipos-en-inglaterra\/#breadcrumb\"},\"inLanguage\":\"eu\",\"potentialAction\":[{\"@type\":\"ReadAction\",\"target\":[\"https:\/\/fedecazabizkaia.org\/inaki-ortiz-honorato-subcampeon-del-mundo-por-equipos-en-inglaterra\/\"]}]},{\"@type\":\"ImageObject\",\"inLanguage\":\"eu\",\"@id\":\"https:\/\/fedecazabizkaia.org\/inaki-ortiz-honorato-subcampeon-del-mundo-por-equipos-en-inglaterra\/#primaryimage\",\"url\":\"https:\/\/fedecazabizkaia.org\/wp-content\/uploads\/2019\/07\/campeonato-del-mundo-RRCC-equipo-Hombre.jpg\",\"contentUrl\":\"https:\/\/fedecazabizkaia.org\/wp-content\/uploads\/2019\/07\/campeonato-del-mundo-RRCC-equipo-Hombre.jpg\",\"width\":800,\"height\":450},{\"@type\":\"BreadcrumbList\",\"@id\":\"https:\/\/fedecazabizkaia.org\/inaki-ortiz-honorato-subcampeon-del-mundo-por-equipos-en-inglaterra\/#breadcrumb\",\"itemListElement\":[{\"@type\":\"ListItem\",\"position\":1,\"name\":\"Portada\",\"item\":\"https:\/\/fedecazabizkaia.org\/\"},{\"@type\":\"ListItem\",\"position\":2,\"name\":\"I\u00d1AKI ORTIZ HONORATO SUBCAMPE\u00d3N DEL MUNDO POR EQUIPOS EN INGLATERRA\"}]},{\"@type\":\"WebSite\",\"@id\":\"https:\/\/fedecazabizkaia.org\/#website\",\"url\":\"https:\/\/fedecazabizkaia.org\/\",\"name\":\"FEDERACI\u00d3N BIZKAINA DE CAZA\",\"description\":\"Lurralde Ehizako Federazioa\",\"potentialAction\":[{\"@type\":\"SearchAction\",\"target\":{\"@type\":\"EntryPoint\",\"urlTemplate\":\"https:\/\/fedecazabizkaia.org\/?s={search_term_string}\"},\"query-input\":{\"@type\":\"PropertyValueSpecification\",\"valueRequired\":true,\"valueName\":\"search_term_string\"}}],\"inLanguage\":\"eu\"},{\"@type\":\"Person\",\"@id\":\"https:\/\/fedecazabizkaia.org\/#\/schema\/person\/719a87dfb1e3423482a4ee73c1433dba\",\"name\":\"jmiguel_7439n683\",\"image\":{\"@type\":\"ImageObject\",\"inLanguage\":\"eu\",\"@id\":\"https:\/\/fedecazabizkaia.org\/#\/schema\/person\/image\/\",\"url\":\"https:\/\/secure.gravatar.com\/avatar\/e753aa3ec1fb5e137a6a6a0477cb4b33?s=96&d=mm&r=g\",\"contentUrl\":\"https:\/\/secure.gravatar.com\/avatar\/e753aa3ec1fb5e137a6a6a0477cb4b33?s=96&d=mm&r=g\",\"caption\":\"jmiguel_7439n683\"},\"url\":\"https:\/\/fedecazabizkaia.org\/eu\/author\/jmiguel_7439n683\/\"}]}<\/script>\n<!-- \/ Yoast SEO plugin. -->","yoast_head_json":{"title":"[:es]I\u00d1AKI ORTIZ HONORATO SUBCAMPE\u00d3N DEL MUNDO POR EQUIPOS EN INGLATERRA[:eu]I\u00d1AKI ORTIZ HONORATO INGALATERRAKO TALDEEN MUNDUKO TXAPELDUNORDEA[:] - FEDERACI\u00d3N BIZKAINA DE CAZA","robots":{"index":"index","follow":"follow","max-snippet":"max-snippet:-1","max-image-preview":"max-image-preview:large","max-video-preview":"max-video-preview:-1"},"canonical":"https:\/\/fedecazabizkaia.org\/inaki-ortiz-honorato-subcampeon-del-mundo-por-equipos-en-inglaterra\/","og_locale":"en_US","og_type":"article","og_title":"[:es]I\u00d1AKI ORTIZ HONORATO SUBCAMPE\u00d3N DEL MUNDO POR EQUIPOS EN INGLATERRA[:eu]I\u00d1AKI ORTIZ HONORATO INGALATERRAKO TALDEEN MUNDUKO TXAPELDUNORDEA[:] - FEDERACI\u00d3N BIZKAINA DE CAZA","og_description":"I\u00d1AKI ORTIZ HONORATO INGALATERRAKO TALDEEN MUNDUKO TXAPELDUNORDEA Ehiza Ibilbide eta Compak Sportinen eremuak egon ez arren. Bizkaiko jaurtitzaileek gure lurraldearentzako nazio eta nazioarteko arrakastak biltzen jarraitzen dituzte. I\u00f1aki Ortiz Honorato Bizkaitarrak , taldeeko 2. Postua lortu zuen. Uztailaren 13 an , 10 egunetan zehar Erresuma batuan , E. J Churchillen ospatu zen Ehiza Ibilbide Txapelketa. [&hellip;]","og_url":"https:\/\/fedecazabizkaia.org\/inaki-ortiz-honorato-subcampeon-del-mundo-por-equipos-en-inglaterra\/","og_site_name":"FEDERACI\u00d3N BIZKAINA DE CAZA","article_publisher":"https:\/\/www.facebook.com\/FederacionBizkainaDeCaza\/","article_published_time":"2019-07-25T11:48:57+00:00","article_modified_time":"2019-08-09T13:51:40+00:00","og_image":[{"width":800,"height":450,"url":"https:\/\/fedecazabizkaia.org\/wp-content\/uploads\/2019\/07\/campeonato-del-mundo-RRCC-equipo-Hombre.jpg","type":"image\/jpeg"}],"author":"jmiguel_7439n683","twitter_card":"summary_large_image","twitter_misc":{"Written by":"jmiguel_7439n683","Est. reading time":"2 minutua"},"schema":{"@context":"https:\/\/schema.org","@graph":[{"@type":"WebPage","@id":"https:\/\/fedecazabizkaia.org\/inaki-ortiz-honorato-subcampeon-del-mundo-por-equipos-en-inglaterra\/","url":"https:\/\/fedecazabizkaia.org\/inaki-ortiz-honorato-subcampeon-del-mundo-por-equipos-en-inglaterra\/","name":"[:es]I\u00d1AKI ORTIZ HONORATO SUBCAMPE\u00d3N DEL MUNDO POR EQUIPOS EN INGLATERRA[:eu]I\u00d1AKI ORTIZ HONORATO INGALATERRAKO TALDEEN MUNDUKO TXAPELDUNORDEA[:] - FEDERACI\u00d3N BIZKAINA DE CAZA","isPartOf":{"@id":"https:\/\/fedecazabizkaia.org\/#website"},"primaryImageOfPage":{"@id":"https:\/\/fedecazabizkaia.org\/inaki-ortiz-honorato-subcampeon-del-mundo-por-equipos-en-inglaterra\/#primaryimage"},"image":{"@id":"https:\/\/fedecazabizkaia.org\/inaki-ortiz-honorato-subcampeon-del-mundo-por-equipos-en-inglaterra\/#primaryimage"},"thumbnailUrl":"https:\/\/fedecazabizkaia.org\/wp-content\/uploads\/2019\/07\/campeonato-del-mundo-RRCC-equipo-Hombre.jpg","datePublished":"2019-07-25T11:48:57+00:00","dateModified":"2019-08-09T13:51:40+00:00","author":{"@id":"https:\/\/fedecazabizkaia.org\/#\/schema\/person\/719a87dfb1e3423482a4ee73c1433dba"},"breadcrumb":{"@id":"https:\/\/fedecazabizkaia.org\/inaki-ortiz-honorato-subcampeon-del-mundo-por-equipos-en-inglaterra\/#breadcrumb"},"inLanguage":"eu","potentialAction":[{"@type":"ReadAction","target":["https:\/\/fedecazabizkaia.org\/inaki-ortiz-honorato-subcampeon-del-mundo-por-equipos-en-inglaterra\/"]}]},{"@type":"ImageObject","inLanguage":"eu","@id":"https:\/\/fedecazabizkaia.org\/inaki-ortiz-honorato-subcampeon-del-mundo-por-equipos-en-inglaterra\/#primaryimage","url":"https:\/\/fedecazabizkaia.org\/wp-content\/uploads\/2019\/07\/campeonato-del-mundo-RRCC-equipo-Hombre.jpg","contentUrl":"https:\/\/fedecazabizkaia.org\/wp-content\/uploads\/2019\/07\/campeonato-del-mundo-RRCC-equipo-Hombre.jpg","width":800,"height":450},{"@type":"BreadcrumbList","@id":"https:\/\/fedecazabizkaia.org\/inaki-ortiz-honorato-subcampeon-del-mundo-por-equipos-en-inglaterra\/#breadcrumb","itemListElement":[{"@type":"ListItem","position":1,"name":"Portada","item":"https:\/\/fedecazabizkaia.org\/"},{"@type":"ListItem","position":2,"name":"I\u00d1AKI ORTIZ HONORATO SUBCAMPE\u00d3N DEL MUNDO POR EQUIPOS EN INGLATERRA"}]},{"@type":"WebSite","@id":"https:\/\/fedecazabizkaia.org\/#website","url":"https:\/\/fedecazabizkaia.org\/","name":"FEDERACI\u00d3N BIZKAINA DE CAZA","description":"Lurralde Ehizako Federazioa","potentialAction":[{"@type":"SearchAction","target":{"@type":"EntryPoint","urlTemplate":"https:\/\/fedecazabizkaia.org\/?s={search_term_string}"},"query-input":{"@type":"PropertyValueSpecification","valueRequired":true,"valueName":"search_term_string"}}],"inLanguage":"eu"},{"@type":"Person","@id":"https:\/\/fedecazabizkaia.org\/#\/schema\/person\/719a87dfb1e3423482a4ee73c1433dba","name":"jmiguel_7439n683","image":{"@type":"ImageObject","inLanguage":"eu","@id":"https:\/\/fedecazabizkaia.org\/#\/schema\/person\/image\/","url":"https:\/\/secure.gravatar.com\/avatar\/e753aa3ec1fb5e137a6a6a0477cb4b33?s=96&d=mm&r=g","contentUrl":"https:\/\/secure.gravatar.com\/avatar\/e753aa3ec1fb5e137a6a6a0477cb4b33?s=96&d=mm&r=g","caption":"jmiguel_7439n683"},"url":"https:\/\/fedecazabizkaia.org\/eu\/author\/jmiguel_7439n683\/"}]}},"_links":{"self":[{"href":"https:\/\/fedecazabizkaia.org\/eu\/wp-json\/wp\/v2\/posts\/3848"}],"collection":[{"href":"https:\/\/fedecazabizkaia.org\/eu\/wp-json\/wp\/v2\/posts"}],"about":[{"href":"https:\/\/fedecazabizkaia.org\/eu\/wp-json\/wp\/v2\/types\/post"}],"author":[{"embeddable":true,"href":"https:\/\/fedecazabizkaia.org\/eu\/wp-json\/wp\/v2\/users\/1"}],"replies":[{"embeddable":true,"href":"https:\/\/fedecazabizkaia.org\/eu\/wp-json\/wp\/v2\/comments?post=3848"}],"version-history":[{"count":3,"href":"https:\/\/fedecazabizkaia.org\/eu\/wp-json\/wp\/v2\/posts\/3848\/revisions"}],"predecessor-version":[{"id":4408,"href":"https:\/\/fedecazabizkaia.org\/eu\/wp-json\/wp\/v2\/posts\/3848\/revisions\/4408"}],"wp:featuredmedia":[{"embeddable":true,"href":"https:\/\/fedecazabizkaia.org\/eu\/wp-json\/wp\/v2\/media\/3849"}],"wp:attachment":[{"href":"https:\/\/fedecazabizkaia.org\/eu\/wp-json\/wp\/v2\/media?parent=3848"}],"wp:term":[{"taxonomy":"category","embeddable":true,"href":"https:\/\/fedecazabizkaia.org\/eu\/wp-json\/wp\/v2\/categories?post=3848"},{"taxonomy":"post_tag","embeddable":true,"href":"https:\/\/fedecazabizkaia.org\/eu\/wp-json\/wp\/v2\/tags?post=3848"}],"curies":[{"name":"wp","href":"https:\/\/api.w.org\/{rel}","templated":true}]}}