{"id":2153,"date":"2016-10-11T07:25:20","date_gmt":"2016-10-11T07:25:20","guid":{"rendered":"http:\/\/fedecazabizkaia.org\/?p=2153"},"modified":"2016-10-11T07:25:20","modified_gmt":"2016-10-11T07:25:20","slug":"lo-que-se-siembra-se-recoge","status":"publish","type":"post","link":"https:\/\/fedecazabizkaia.org\/eu\/lo-que-se-siembra-se-recoge\/","title":{"rendered":"Lo que se siembra se recoge"},"content":{"rendered":"<p style=\"text-align: justify;\">Los padres, por mucho que otros piensen lo contrario, son los que han de educar al ni\u00f1o. La escuela es un complemento. Esto implica tiempo con los hijos\u00a0 y no ense\u00f1\u00e1ndoles matem\u00e1ticas\u2026eso es s\u00f3lo reforzar adquisici\u00f3n de conocimientos, educar va m\u00e1s all\u00e1.\u00a0 Hace seis a\u00f1os, Irene ten\u00eda 11 a\u00f1os, acompa\u00f1\u00f3 a su padre, Jos\u00e9, a ver el Open Internacional de Field Target de Euskadi en Zumarraga.<\/p>\n<p style=\"text-align: justify;\">Jos\u00e9,\u00a0 como otros muchos fue criado con una carabina de aire comprimido en la mano en vez de un Iphone 5, despu\u00e9s ser\u00eda cazador con la del calibre 12. Disfruta tanto con la escopeta en la mano tras las liebres como con la vara de avellano azuzando en los zarzales\u00a0 la salida del conejo para que su padre, ya jubilado, sea el que pruebe suerte en el lance.<\/p>\n<p style=\"text-align: justify;\">Hace poco m\u00e1s de 2.500 a\u00f1os el fil\u00f3sofo y matem\u00e1tico Pit\u00e1goras dej\u00f3 una frase para la posteridad que dec\u00eda: \u201cEducad a los ni\u00f1os hoy y no castigar\u00e9is al hombre\u201d.<\/p>\n<p>Esos d\u00edas de caza con su padre son para Jos\u00e9 momentos \u00fanicos, da igual si se consigue meter un conejo en el zurr\u00f3n, lo importante es el disfrute de la naturaleza, del ambiente, la tensi\u00f3n contenida, los momentos padre e hijo, y todas esas ense\u00f1anzas que por el mero hecho de compartir una afici\u00f3n como la caza se transmiten de padre a hijo, como esfuerzo, compa\u00f1erismo, generosidad, y saber apreciar los peque\u00f1os detalles de la vida. Creo que Jos\u00e9 vio en el mundillo del Field Target la oportunidad de compartir esas mismas vivencias con su hija y as\u00ed formar parte activa de la educaci\u00f3n de \u00e9sta.<\/p>\n<p>Ahora con casi la mayor\u00eda de edad cumplida, Irene dej\u00f3 de ser \u201cla ni\u00f1a\u201d, aunque para los que pintamos canas lo seguir\u00e1 siendo siempre. Es una chavala capaz de desenvolverse en cuatro idiomas,\u00a0 hacer un viaje de d\u00edas con compa\u00f1eros de competici\u00f3n que la triplican en edad como un componente m\u00e1s de la expedici\u00f3n y disfrutar de la experiencia. Sus compa\u00f1eras de instituto a veces no entienden c\u00f3mo es capaz de irse de viaje con su padre y sus amigos y no aburrirse, cuando ellas mismas huyen de sus progenitores y de los amigos de \u00e9stos\u2026se limita a responderles \u201c\u2026si est\u00e1n todo el d\u00eda de buen humor, gastando bromas o hablando de cosas interesantes, yo soy una m\u00e1s de ellos\u2026\u201d Creo que todos los padres querr\u00edamos que nuestros hijos adolescentes desearan venir con nosotros fuera de las obligadas vacaciones de verano.<\/p>\n<p>\u201cQuien siembra recoge\u201d, dice el refranero. Esfuerzo, superar la frustraci\u00f3n, compartir, y conocer perspectivas diferentes de lo que es la vida quiz\u00e1s sea esa parte de la educaci\u00f3n que Irene ha interiorizado gracias a estos seis a\u00f1os de competiciones, viajes y aprendizaje en el entorno del FT y el HFT. Ayudar a su padre y a Lily, su madre,\u00a0 en las inscripciones del Open Internacional de Euskadi a buen seguro que han sido tambi\u00e9n parte de la semilla que le han motivado para decantar su preparaci\u00f3n hacia la carrera de Relaciones Internacionales.<\/p>\n<p>Acabamos de terminar de andar tirados por el suelo en una competici\u00f3n de Hunting Field Target de la Liga de Euskadi. Hemos terminado la tradicional comida post competici\u00f3n cuando quedamos para la entrevista que tenemos pendiente. Como siempre se ha cambiado de ropa. Ha dejado la ropa de camuflaje y botas altas por un vestido con zapatos bajos, y por su puesto con ese complemento que parece ser imprescindible en cualquier joven de hoy d\u00eda como es el smarthpone en la mano. No ha hecho falta decirle nada para que lo guarde\u2026el \u00fanico tel\u00e9fono encima de la mesa es el m\u00edo en modo grabadora.<\/p>\n<p><strong>&#8211; Sanjon: \u00bfEste deporte es para todos?<\/strong><\/p>\n<p>&#8211; Irene: Por supuesto, yo he practicado gimnasia r\u00edtmica, Euskal dantza y baloncesto hasta los 17 a\u00f1os, en ellos hay chicos y chicas, el hecho de disparar no ha de ser diferente, todo lo contrario, de hecho es algo que atrae mucho a las chicas, cuando les cuento en qu\u00e9 consiste les gusta, pero les falta ese componente que es que sus padres vengan con ellos tal como ha hecho el m\u00edo empezando con una Umarex 850 hasta llegar a una Air Arms FTP900. S\u00ed que es cierto que aunque les ense\u00f1o fotograf\u00edas de las competiciones a algunos les cuesta asimilarlo\u2026!La del rifle con la mira telesc\u00f3pica soy yo!<\/p>\n<p><strong>&#8211; Sanjon: \u00bfTu padre sigue siendo tu \u201cingeniero\u201d del equipo?<\/strong><\/p>\n<p>&#8211; Irene: S\u00ed, \u00e9l es quien me prepara la telemetr\u00eda, las correcciones en deriva, me prueba la munici\u00f3n, etc. Quiero empezar a hacerlo yo misma pero estudiando tanto como lo hago ahora me falta tiempo.<\/p>\n<p><strong>&#8211; Sanjon: Hay una camiseta en la que tienes bordada dos estrellas. (Se echa a re\u00edr).<\/strong><\/p>\n<p>&#8211; Irene: Yo he sido la benjamina y para algunos de los adultos el reto ha sido que no les gane una enana con trenzas; saben que luego van a tener que aguantar las bromas de otros compa\u00f1eros, as\u00ed que como uno de los que m\u00e1s picaba era \u201cel se\u00f1orito To\u00f1in\u201d (lo dice con rintint\u00edn)\u2026 D. Antonio Balb\u00e1s, 50 a\u00f1os, (n\u00famero 20 mundial 2011\/12), y como nos llevamos muy bien, por cada vez que le consegu\u00ed ganar en competici\u00f3n de la liga me bord\u00e9 una estrella\u2026.llevo varios a\u00f1os sin coincidir con \u00e9l porque est\u00e1 trabajando fuera, pero si vuelvo a coincidir y la camiseta no se me ha quedado peque\u00f1a, me la volver\u00e9 a poner, (risas mal\u00e9ficas).<\/p>\n<p><strong>&#8211; Sanjon: \u00bfD\u00f3nde has competido?<\/strong><\/p>\n<p>Irene: En toda Euskadi y a parte en Lisboa, Madrid, Cuenca, etc, pero quiz\u00e1s lo que m\u00e1s me guste de todo esto es que he podido conocer a un mont\u00f3n de gente de diferentes provincias y a gente de m\u00e1s de 15 pa\u00edses diferentes, con los que hoy d\u00eda tengo relaci\u00f3n gracias a Facebook. Cuando era una cr\u00eda quer\u00eda ser forense, pero en los \u00faltimos a\u00f1os creo que he descubierto lo que realmente me gusta y lo que quiero dedicar mi vida como son las relaciones internacionales.<\/p>\n<p><strong>&#8211; Sanjon: \u00bfCampo de competici\u00f3n favorito?<\/strong><\/p>\n<p>&#8211; Irene: El de Okondo en Alava me encanta porque en verano est\u00e1s metida continuamente entre \u00e1rboles y es una gozada. La comida que viene despu\u00e9s en el mes\u00f3n es de las mejores.<\/p>\n<p><strong>&#8211; Sanjon: \u00bfHas acompa\u00f1ado a tu padre y a tu abuelo a \u201cvarear\u201d la liebre?<\/strong><\/p>\n<p>Irene: No lo he hecho, s\u00e9 que ellos lo disfrutan mucho. Este a\u00f1o he probado la pesca de competici\u00f3n gracias a Joseba, es muy parecido a nuestras competiciones, con su reuni\u00f3n previa, reparto de puestos y escuadras, etc,\u00a0 pero a decir verdad me gusta m\u00e1s el tiro, por eso quiero sacarme la licencia de fuego y acompa\u00f1arle en alguna cacer\u00eda de jabal\u00ed, creo que tiene que ser muy emocionante.<\/p>\n<p><strong>&#8211; Sanjon: Hablemos del viento.<\/strong><\/p>\n<p>&#8211; Irene: Ufffff\u2026\u2026.eso es la leche, es algo que no se aprende en los libros, hay teor\u00eda escrita por la que hay que empezar, pero hay que vivirlo para interiorizarlo, hasta hace poco tiraba con 23 julios, y no le daba mucha importancia, \u00a1pero claro que la tiene incluso con esa potencia!,\u00a0 ahora que disparo con potencia internacional (&lt;16 J) simplemente soy mucho m\u00e1s consciente de su importancia y que tengo mucho que aprender. La verdad es que me pongo muy nerviosa cuando tengo que sacar la ret\u00edcula fuera del Kill Zone e incluso fuera de la propia silueta. Espero poder empezar a entrenarlo de verdad en cuanto acabe con la vor\u00e1gine en la que estoy metida con la selecci\u00f3n de la universidad a la que quiero ir. Llegar al nivel que tiene por ejemplo Ana Pereira (Portugal), est\u00e1 muy lejos de m\u00ed por ahora, pero es mi referente competitivo.<\/p>\n<p><strong>&#8211; Sanjon: Ahora mismo est\u00e1is de forma habitual dos damas en la competici\u00f3n de Euskadi, \u00bfHay rivalidad con M\u00f3nica?<\/strong><\/p>\n<p>&#8211; Irene: Con M\u00f3nica sobre todo hay confianza y amistad. S\u00e9 que durante la competici\u00f3n podr\u00e9 contar con ella para lo que sea, y que fuera de ella puedo llamarla para lo que necesite.<\/p>\n<p><strong>&#8211; Sanjon: S\u00e9 que est\u00e1s deseando que te haga esta pregunta\u2026 \u00bfCu\u00e1l es ese blanco que jam\u00e1s olvidar\u00e1s?<\/strong><\/p>\n<p>&#8211; Irene: (No tarda ni un milisegundo en responder)\u2026:Buaaaahhhh\u2026.el del \u201cnido del \u00e1guila\u201d de La Cabrera, Madrid. Disparas desde un alto entre dos inmensas rocas de granito a cada lado, es como si estuviera en un enorme nido con todo bajo tus pies. El blanco estaba rondando los 50 metros pero parec\u00edan 200, el viento soplaba, pero al estar entre las dos rocas es muy enga\u00f1oso, disparaba con una HW100 que era m\u00e1s grande que yo. Cuando fui a disparar me acord\u00e9 de un consejo de \u201cPepone\u201d, D. Jos\u00e9 Redondo, Campe\u00f3n del Mundo 2010:\u00a0 \u201dcuando veas el viento a r\u00e1fagas, espera, ten paciencia y dispara cuando intuyas que se produce el cambio, ah\u00ed hay una ventana en la que se puede disparar apuntando al centro\u201d.<\/p>\n<p><strong>&#8211; Sanjon: \u00a1Casi nada!, el del \u201cnido del \u00e1guila\u201d\u2026.yo no he conseguido derribarlo en ninguna de las competiciones en las que he estado. \u00bfPara terminar\u2026qu\u00e9 te har\u00eda ilusi\u00f3n en esta afici\u00f3n?<\/strong><\/p>\n<p>&#8211; Irene: La verdad es que como estoy acostumbrada al Open de Euskadi y he estado en la organizaci\u00f3n y competici\u00f3n del Europeo 2015 que celebramos en Zumarraga, donde he podido conocer durante estos a\u00f1os a gente de 15 pa\u00edses y adem\u00e1s verles volver a los Open, el seguir conociendo a m\u00e1s gente es lo que m\u00e1s me ilusiona, por ello quiero ir al Mundial de Lisboa este a\u00f1o, y as\u00ed conocer en persona a gente de Australia, Chile, Argentina, etc, con la que ya tengo relaci\u00f3n a trav\u00e9s de las redes sociales gracias a esta afici\u00f3n.<br \/>\nNos damos las gracias mutuamente\u2026volveremos a vernos muy pronto.<\/p>\n<p>He dejado reposar la entrevista durante unos d\u00edas para encontrar el modo en el que trasladar su sustancia. Observo en Irene el fruto de lo que un padre es capaz de sembrar como formaci\u00f3n de futuro de su hijo disfrutando con \u00e9l en el proceso del aprendizaje de la propia vida.<\/p>\n<p>He tomado buena nota, tengo un chaval de 11 a\u00f1os\u2026ya le tengo preparada una Cometa Lynx. \u2026y como no hay dos sin tres, voy a cerrar la trilog\u00eda dedicada a algunas de\u00a0 las mujeres que practican nuestra afici\u00f3n con una que se ha ganado el respeto y la admiraci\u00f3n a nivel internacional y no precisamente por disparar, sino por hacer de juez principal en las competiciones m\u00e1s importantes del mundo, Aintzane D\u00edez.<\/p>\n<p>www.fieldtargeteuskadi.org<br \/>\nwww.euskalft.org<\/p>\n","protected":false},"excerpt":{"rendered":"<p>Los padres, por mucho que otros piensen lo contrario, son los que han de educar al ni\u00f1o. La escuela es un complemento. Esto implica tiempo con los hijos\u00a0 y no ense\u00f1\u00e1ndoles matem\u00e1ticas\u2026eso es s\u00f3lo reforzar adquisici\u00f3n de conocimientos, educar va m\u00e1s all\u00e1.\u00a0 Hace seis a\u00f1os, Irene ten\u00eda 11 a\u00f1os, acompa\u00f1\u00f3 a su padre, Jos\u00e9, a [&hellip;]<\/p>\n","protected":false},"author":1,"featured_media":2154,"comment_status":"open","ping_status":"open","sticky":false,"template":"","format":"standard","meta":{"footnotes":""},"categories":[88],"tags":[],"class_list":["post-2153","post","type-post","status-publish","format-standard","has-post-thumbnail","hentry","category-entrevistas-de-caza"],"yoast_head":"<!-- This site is optimized with the Yoast SEO plugin v23.4 - https:\/\/yoast.com\/wordpress\/plugins\/seo\/ -->\n<title>Lo que se siembra se recoge - FEDERACI\u00d3N BIZKAINA DE CAZA<\/title>\n<meta name=\"robots\" content=\"index, follow, max-snippet:-1, max-image-preview:large, max-video-preview:-1\" \/>\n<link rel=\"canonical\" href=\"https:\/\/fedecazabizkaia.org\/lo-que-se-siembra-se-recoge\/\" \/>\n<meta property=\"og:locale\" content=\"en_US\" \/>\n<meta property=\"og:type\" content=\"article\" \/>\n<meta property=\"og:title\" content=\"Lo que se siembra se recoge - FEDERACI\u00d3N BIZKAINA DE CAZA\" \/>\n<meta property=\"og:description\" content=\"Los padres, por mucho que otros piensen lo contrario, son los que han de educar al ni\u00f1o. La escuela es un complemento. Esto implica tiempo con los hijos\u00a0 y no ense\u00f1\u00e1ndoles matem\u00e1ticas\u2026eso es s\u00f3lo reforzar adquisici\u00f3n de conocimientos, educar va m\u00e1s all\u00e1.\u00a0 Hace seis a\u00f1os, Irene ten\u00eda 11 a\u00f1os, acompa\u00f1\u00f3 a su padre, Jos\u00e9, a [&hellip;]\" \/>\n<meta property=\"og:url\" content=\"https:\/\/fedecazabizkaia.org\/lo-que-se-siembra-se-recoge\/\" \/>\n<meta property=\"og:site_name\" content=\"FEDERACI\u00d3N BIZKAINA DE CAZA\" \/>\n<meta property=\"article:publisher\" content=\"https:\/\/www.facebook.com\/FederacionBizkainaDeCaza\/\" \/>\n<meta property=\"article:published_time\" content=\"2016-10-11T07:25:20+00:00\" \/>\n<meta property=\"og:image\" content=\"https:\/\/fedecazabizkaia.org\/wp-content\/uploads\/2016\/10\/355.jpg\" \/>\n\t<meta property=\"og:image:width\" content=\"400\" \/>\n\t<meta property=\"og:image:height\" content=\"300\" \/>\n\t<meta property=\"og:image:type\" content=\"image\/jpeg\" \/>\n<meta name=\"author\" content=\"jmiguel_7439n683\" \/>\n<meta name=\"twitter:card\" content=\"summary_large_image\" \/>\n<meta name=\"twitter:label1\" content=\"Written by\" \/>\n\t<meta name=\"twitter:data1\" content=\"jmiguel_7439n683\" \/>\n\t<meta name=\"twitter:label2\" content=\"Est. reading time\" \/>\n\t<meta name=\"twitter:data2\" content=\"9 minutua\" \/>\n<script type=\"application\/ld+json\" class=\"yoast-schema-graph\">{\"@context\":\"https:\/\/schema.org\",\"@graph\":[{\"@type\":\"WebPage\",\"@id\":\"https:\/\/fedecazabizkaia.org\/lo-que-se-siembra-se-recoge\/\",\"url\":\"https:\/\/fedecazabizkaia.org\/lo-que-se-siembra-se-recoge\/\",\"name\":\"Lo que se siembra se recoge - FEDERACI\u00d3N BIZKAINA DE CAZA\",\"isPartOf\":{\"@id\":\"https:\/\/fedecazabizkaia.org\/#website\"},\"primaryImageOfPage\":{\"@id\":\"https:\/\/fedecazabizkaia.org\/lo-que-se-siembra-se-recoge\/#primaryimage\"},\"image\":{\"@id\":\"https:\/\/fedecazabizkaia.org\/lo-que-se-siembra-se-recoge\/#primaryimage\"},\"thumbnailUrl\":\"https:\/\/fedecazabizkaia.org\/wp-content\/uploads\/2016\/10\/355.jpg\",\"datePublished\":\"2016-10-11T07:25:20+00:00\",\"dateModified\":\"2016-10-11T07:25:20+00:00\",\"author\":{\"@id\":\"https:\/\/fedecazabizkaia.org\/#\/schema\/person\/719a87dfb1e3423482a4ee73c1433dba\"},\"breadcrumb\":{\"@id\":\"https:\/\/fedecazabizkaia.org\/lo-que-se-siembra-se-recoge\/#breadcrumb\"},\"inLanguage\":\"eu\",\"potentialAction\":[{\"@type\":\"ReadAction\",\"target\":[\"https:\/\/fedecazabizkaia.org\/lo-que-se-siembra-se-recoge\/\"]}]},{\"@type\":\"ImageObject\",\"inLanguage\":\"eu\",\"@id\":\"https:\/\/fedecazabizkaia.org\/lo-que-se-siembra-se-recoge\/#primaryimage\",\"url\":\"https:\/\/fedecazabizkaia.org\/wp-content\/uploads\/2016\/10\/355.jpg\",\"contentUrl\":\"https:\/\/fedecazabizkaia.org\/wp-content\/uploads\/2016\/10\/355.jpg\",\"width\":400,\"height\":300},{\"@type\":\"BreadcrumbList\",\"@id\":\"https:\/\/fedecazabizkaia.org\/lo-que-se-siembra-se-recoge\/#breadcrumb\",\"itemListElement\":[{\"@type\":\"ListItem\",\"position\":1,\"name\":\"Portada\",\"item\":\"https:\/\/fedecazabizkaia.org\/\"},{\"@type\":\"ListItem\",\"position\":2,\"name\":\"Lo que se siembra se recoge\"}]},{\"@type\":\"WebSite\",\"@id\":\"https:\/\/fedecazabizkaia.org\/#website\",\"url\":\"https:\/\/fedecazabizkaia.org\/\",\"name\":\"FEDERACI\u00d3N BIZKAINA DE CAZA\",\"description\":\"Lurralde Ehizako Federazioa\",\"potentialAction\":[{\"@type\":\"SearchAction\",\"target\":{\"@type\":\"EntryPoint\",\"urlTemplate\":\"https:\/\/fedecazabizkaia.org\/?s={search_term_string}\"},\"query-input\":{\"@type\":\"PropertyValueSpecification\",\"valueRequired\":true,\"valueName\":\"search_term_string\"}}],\"inLanguage\":\"eu\"},{\"@type\":\"Person\",\"@id\":\"https:\/\/fedecazabizkaia.org\/#\/schema\/person\/719a87dfb1e3423482a4ee73c1433dba\",\"name\":\"jmiguel_7439n683\",\"image\":{\"@type\":\"ImageObject\",\"inLanguage\":\"eu\",\"@id\":\"https:\/\/fedecazabizkaia.org\/#\/schema\/person\/image\/\",\"url\":\"https:\/\/secure.gravatar.com\/avatar\/e753aa3ec1fb5e137a6a6a0477cb4b33?s=96&d=mm&r=g\",\"contentUrl\":\"https:\/\/secure.gravatar.com\/avatar\/e753aa3ec1fb5e137a6a6a0477cb4b33?s=96&d=mm&r=g\",\"caption\":\"jmiguel_7439n683\"},\"url\":\"https:\/\/fedecazabizkaia.org\/eu\/author\/jmiguel_7439n683\/\"}]}<\/script>\n<!-- \/ Yoast SEO plugin. -->","yoast_head_json":{"title":"Lo que se siembra se recoge - FEDERACI\u00d3N BIZKAINA DE CAZA","robots":{"index":"index","follow":"follow","max-snippet":"max-snippet:-1","max-image-preview":"max-image-preview:large","max-video-preview":"max-video-preview:-1"},"canonical":"https:\/\/fedecazabizkaia.org\/lo-que-se-siembra-se-recoge\/","og_locale":"en_US","og_type":"article","og_title":"Lo que se siembra se recoge - FEDERACI\u00d3N BIZKAINA DE CAZA","og_description":"Los padres, por mucho que otros piensen lo contrario, son los que han de educar al ni\u00f1o. La escuela es un complemento. Esto implica tiempo con los hijos\u00a0 y no ense\u00f1\u00e1ndoles matem\u00e1ticas\u2026eso es s\u00f3lo reforzar adquisici\u00f3n de conocimientos, educar va m\u00e1s all\u00e1.\u00a0 Hace seis a\u00f1os, Irene ten\u00eda 11 a\u00f1os, acompa\u00f1\u00f3 a su padre, Jos\u00e9, a [&hellip;]","og_url":"https:\/\/fedecazabizkaia.org\/lo-que-se-siembra-se-recoge\/","og_site_name":"FEDERACI\u00d3N BIZKAINA DE CAZA","article_publisher":"https:\/\/www.facebook.com\/FederacionBizkainaDeCaza\/","article_published_time":"2016-10-11T07:25:20+00:00","og_image":[{"width":400,"height":300,"url":"https:\/\/fedecazabizkaia.org\/wp-content\/uploads\/2016\/10\/355.jpg","type":"image\/jpeg"}],"author":"jmiguel_7439n683","twitter_card":"summary_large_image","twitter_misc":{"Written by":"jmiguel_7439n683","Est. reading time":"9 minutua"},"schema":{"@context":"https:\/\/schema.org","@graph":[{"@type":"WebPage","@id":"https:\/\/fedecazabizkaia.org\/lo-que-se-siembra-se-recoge\/","url":"https:\/\/fedecazabizkaia.org\/lo-que-se-siembra-se-recoge\/","name":"Lo que se siembra se recoge - FEDERACI\u00d3N BIZKAINA DE CAZA","isPartOf":{"@id":"https:\/\/fedecazabizkaia.org\/#website"},"primaryImageOfPage":{"@id":"https:\/\/fedecazabizkaia.org\/lo-que-se-siembra-se-recoge\/#primaryimage"},"image":{"@id":"https:\/\/fedecazabizkaia.org\/lo-que-se-siembra-se-recoge\/#primaryimage"},"thumbnailUrl":"https:\/\/fedecazabizkaia.org\/wp-content\/uploads\/2016\/10\/355.jpg","datePublished":"2016-10-11T07:25:20+00:00","dateModified":"2016-10-11T07:25:20+00:00","author":{"@id":"https:\/\/fedecazabizkaia.org\/#\/schema\/person\/719a87dfb1e3423482a4ee73c1433dba"},"breadcrumb":{"@id":"https:\/\/fedecazabizkaia.org\/lo-que-se-siembra-se-recoge\/#breadcrumb"},"inLanguage":"eu","potentialAction":[{"@type":"ReadAction","target":["https:\/\/fedecazabizkaia.org\/lo-que-se-siembra-se-recoge\/"]}]},{"@type":"ImageObject","inLanguage":"eu","@id":"https:\/\/fedecazabizkaia.org\/lo-que-se-siembra-se-recoge\/#primaryimage","url":"https:\/\/fedecazabizkaia.org\/wp-content\/uploads\/2016\/10\/355.jpg","contentUrl":"https:\/\/fedecazabizkaia.org\/wp-content\/uploads\/2016\/10\/355.jpg","width":400,"height":300},{"@type":"BreadcrumbList","@id":"https:\/\/fedecazabizkaia.org\/lo-que-se-siembra-se-recoge\/#breadcrumb","itemListElement":[{"@type":"ListItem","position":1,"name":"Portada","item":"https:\/\/fedecazabizkaia.org\/"},{"@type":"ListItem","position":2,"name":"Lo que se siembra se recoge"}]},{"@type":"WebSite","@id":"https:\/\/fedecazabizkaia.org\/#website","url":"https:\/\/fedecazabizkaia.org\/","name":"FEDERACI\u00d3N BIZKAINA DE CAZA","description":"Lurralde Ehizako Federazioa","potentialAction":[{"@type":"SearchAction","target":{"@type":"EntryPoint","urlTemplate":"https:\/\/fedecazabizkaia.org\/?s={search_term_string}"},"query-input":{"@type":"PropertyValueSpecification","valueRequired":true,"valueName":"search_term_string"}}],"inLanguage":"eu"},{"@type":"Person","@id":"https:\/\/fedecazabizkaia.org\/#\/schema\/person\/719a87dfb1e3423482a4ee73c1433dba","name":"jmiguel_7439n683","image":{"@type":"ImageObject","inLanguage":"eu","@id":"https:\/\/fedecazabizkaia.org\/#\/schema\/person\/image\/","url":"https:\/\/secure.gravatar.com\/avatar\/e753aa3ec1fb5e137a6a6a0477cb4b33?s=96&d=mm&r=g","contentUrl":"https:\/\/secure.gravatar.com\/avatar\/e753aa3ec1fb5e137a6a6a0477cb4b33?s=96&d=mm&r=g","caption":"jmiguel_7439n683"},"url":"https:\/\/fedecazabizkaia.org\/eu\/author\/jmiguel_7439n683\/"}]}},"_links":{"self":[{"href":"https:\/\/fedecazabizkaia.org\/eu\/wp-json\/wp\/v2\/posts\/2153"}],"collection":[{"href":"https:\/\/fedecazabizkaia.org\/eu\/wp-json\/wp\/v2\/posts"}],"about":[{"href":"https:\/\/fedecazabizkaia.org\/eu\/wp-json\/wp\/v2\/types\/post"}],"author":[{"embeddable":true,"href":"https:\/\/fedecazabizkaia.org\/eu\/wp-json\/wp\/v2\/users\/1"}],"replies":[{"embeddable":true,"href":"https:\/\/fedecazabizkaia.org\/eu\/wp-json\/wp\/v2\/comments?post=2153"}],"version-history":[{"count":1,"href":"https:\/\/fedecazabizkaia.org\/eu\/wp-json\/wp\/v2\/posts\/2153\/revisions"}],"predecessor-version":[{"id":2155,"href":"https:\/\/fedecazabizkaia.org\/eu\/wp-json\/wp\/v2\/posts\/2153\/revisions\/2155"}],"wp:featuredmedia":[{"embeddable":true,"href":"https:\/\/fedecazabizkaia.org\/eu\/wp-json\/wp\/v2\/media\/2154"}],"wp:attachment":[{"href":"https:\/\/fedecazabizkaia.org\/eu\/wp-json\/wp\/v2\/media?parent=2153"}],"wp:term":[{"taxonomy":"category","embeddable":true,"href":"https:\/\/fedecazabizkaia.org\/eu\/wp-json\/wp\/v2\/categories?post=2153"},{"taxonomy":"post_tag","embeddable":true,"href":"https:\/\/fedecazabizkaia.org\/eu\/wp-json\/wp\/v2\/tags?post=2153"}],"curies":[{"name":"wp","href":"https:\/\/api.w.org\/{rel}","templated":true}]}}